{"id":1507,"date":"2023-07-28T05:50:08","date_gmt":"2023-07-28T12:50:08","guid":{"rendered":"https:\/\/asuen.com\/stemfriday\/?p=1507"},"modified":"2023-07-27T14:51:23","modified_gmt":"2023-07-27T21:51:23","slug":"stand-as-tall-as-the-trees","status":"publish","type":"post","link":"https:\/\/asuen.com\/stemfriday\/stand-as-tall-as-the-trees\/","title":{"rendered":"Stand as Tall as the Trees"},"content":{"rendered":"<p><img data-recalc-dims=\"1\" loading=\"lazy\" decoding=\"async\" src=\"https:\/\/i0.wp.com\/asuen.com\/wp-content\/uploads\/2023\/07\/standastallasthetreesfc-960x1329.jpg?resize=525%2C727&#038;ssl=1\" alt=\"\" width=\"525\" height=\"727\" class=\"aligncenter size-large wp-image-20023\" \/><\/p>\n<p><em>Stand as Tall as the Trees: How an Amazonian Community Protected the Rain Forest<\/em><br \/>\nby Patricia Gualinga (Author), Laura Resau (Author), and Vanessa Jaramillo (Illustrator)<br \/>\n<em>@ <a href=\"https:\/\/amzn.to\/3Qb2FHX\">Amazon<\/a> | <a href=\"https:\/\/bookshop.org\/a\/6037\/9781623542368\">Bookshop<\/a><\/em><\/p>\n<p><strong>Booktalk:<\/strong> Patricia (Paty) Gualinga grew up in her Kichwa village in the Amazon of Ecuador where mystical beings called Amazanga help protect the forest. Paty traveled away from home for school until she was called back&#8211;companies that said the government sold them property were destroying her people\u2019s lands to look for oil. The Kichwa community worked with other Indigenous groups to bring the Ecuadorian government to the Court of Human Rights. <\/p>\n<p><strong>Snippet:<\/strong> <\/p>\n<p><img data-recalc-dims=\"1\" decoding=\"async\" src=\"https:\/\/i0.wp.com\/cdn.shopify.com\/s\/files\/1\/0750\/0101\/files\/stand-as-tall-as-the-trees-spread.jpg?w=525&#038;ssl=1\" \/><\/p>\n<p style=\"text-align: center;\">Also available in Spanish as <a href=\"https:\/\/amzn.to\/3DE5E3X\"><em>Con la cabeza en alto: C\u00f3mo una comunidad amaz\u00f3nica protegi\u00f3 la selva<\/em><\/a>:<\/p>\n<p><img data-recalc-dims=\"1\" loading=\"lazy\" decoding=\"async\" src=\"https:\/\/i0.wp.com\/asuen.com\/wp-content\/uploads\/2023\/07\/conlacabezaenalto-960x1329.jpg?resize=525%2C727&#038;ssl=1\" alt=\"\" width=\"525\" height=\"727\" class=\"aligncenter size-large wp-image-20022\" \/><\/p>\n<p style=\"text-align: center;\"><img data-recalc-dims=\"1\" loading=\"lazy\" decoding=\"async\" class=\"aligncenter size-full wp-image-889\" src=\"https:\/\/i0.wp.com\/asuen.com\/wp-content\/uploads\/2015\/09\/stemfriday.tiny_.jpg?resize=216%2C104\" alt=\"\" width=\"216\" height=\"104\" \/><\/p>\n<p style=\"text-align: center;\">It&#8217;s <a href=\"http:\/\/asuen.com\/stemfriday\/\">STEM Friday!<\/a> (<strong>STEM<\/strong> is <strong>S<\/strong>cience, <strong>T<\/strong>echnology, <strong>E<\/strong>ngineering, and <strong>M<\/strong>athematics)<\/p>\n<p style=\"text-align: center;\">Copyright \u00a9 2023 <a href=\"https:\/\/asuen.com\" target=\"_blank\" rel=\"noopener noreferrer\">Anastasia Suen<\/a> All Rights Reserved.<\/p>\n","protected":false},"excerpt":{"rendered":"<p>Stand as Tall as the Trees: How an Amazonian Community Protected the Rain Forest by Patricia Gualinga (Author), Laura Resau (Author), and Vanessa Jaramillo (Illustrator) @ Amazon | Bookshop Booktalk: Patricia (Paty) Gualinga grew up in her Kichwa village in the Amazon of Ecuador where mystical beings called Amazanga help protect the forest. Paty traveled &hellip; <\/p>\n<p class=\"link-more\"><a href=\"https:\/\/asuen.com\/stemfriday\/stand-as-tall-as-the-trees\/\" class=\"more-link\">Continue reading<span class=\"screen-reader-text\"> &#8220;Stand as Tall as the Trees&#8221;<\/span><\/a><\/p>\n","protected":false},"author":1,"featured_media":0,"comment_status":"open","ping_status":"open","sticky":false,"template":"","format":"standard","meta":{"jetpack_post_was_ever_published":false,"_jetpack_newsletter_access":"","_jetpack_dont_email_post_to_subs":false,"_jetpack_newsletter_tier_id":0,"_jetpack_memberships_contains_paywalled_content":false,"_jetpack_memberships_contains_paid_content":false,"footnotes":"","jetpack_publicize_message":"","jetpack_publicize_feature_enabled":true,"jetpack_social_post_already_shared":true,"jetpack_social_options":{"image_generator_settings":{"template":"highway","default_image_id":0,"font":"","enabled":false},"version":2}},"categories":[2],"tags":[],"class_list":["post-1507","post","type-post","status-publish","format-standard","hentry","category-stem-friday-round-up"],"jetpack_publicize_connections":[],"jetpack_featured_media_url":"","jetpack_sharing_enabled":true,"jetpack_shortlink":"https:\/\/wp.me\/pamhGQ-oj","jetpack-related-posts":[{"id":525,"url":"https:\/\/asuen.com\/stemfriday\/the-lost-forest\/","url_meta":{"origin":1507,"position":0},"title":"The Lost Forest","author":"Sue Heavenrich","date":"September 20, 2019","format":false,"excerpt":"The Lost Forest by Phyllis Root; illus. by Betsy Bowen 40 pages; ages 4 - 9 Univ Of Minnesota Press, 2019 How do you lose a forest? Especially when trees are so tall you can\u2019t see their tops. So big it takes two or more people holding hands to reach\u2026","rel":"","context":"In &quot;STEM Friday Round-up&quot;","block_context":{"text":"STEM Friday Round-up","link":"https:\/\/asuen.com\/stemfriday\/category\/stem-friday-round-up\/"},"img":{"alt_text":"","src":"https:\/\/i0.wp.com\/asuen.com\/stemfriday\/wp-content\/uploads\/2019\/09\/Lost-Forest-191x300.jpg?resize=350%2C200&ssl=1","width":350,"height":200},"classes":[]},{"id":544,"url":"https:\/\/asuen.com\/stemfriday\/the-forest-in-the-trees\/","url_meta":{"origin":1507,"position":1},"title":"The Forest in the Trees","author":"Anastasia Suen","date":"September 27, 2019","format":false,"excerpt":"The Forest in the Trees by Connie McLennan (Author \/ Illustrator) Booktalk: It\u2019s common knowledge that coast redwoods are tall, tall trees. In fact, they are the tallest trees in the world. What most people don\u2019t know is that there is a whole other forest growing high in the canopy\u2026","rel":"","context":"In &quot;STEM Friday Round-up&quot;","block_context":{"text":"STEM Friday Round-up","link":"https:\/\/asuen.com\/stemfriday\/category\/stem-friday-round-up\/"},"img":{"alt_text":"","src":"https:\/\/i0.wp.com\/asuen.com\/wp-content\/uploads\/2019\/09\/ForestTrees_0-595x700.jpg?resize=350%2C200&ssl=1","width":350,"height":200,"srcset":"https:\/\/i0.wp.com\/asuen.com\/wp-content\/uploads\/2019\/09\/ForestTrees_0-595x700.jpg?resize=350%2C200&ssl=1 1x, https:\/\/i0.wp.com\/asuen.com\/wp-content\/uploads\/2019\/09\/ForestTrees_0-595x700.jpg?resize=525%2C300&ssl=1 1.5x"},"classes":[]},{"id":1025,"url":"https:\/\/asuen.com\/stemfriday\/palm-trees-at-the-north-pole\/","url_meta":{"origin":1507,"position":2},"title":"Palm Trees at the North Pole","author":"Anastasia Suen","date":"April 23, 2021","format":false,"excerpt":"Palm Trees at the North Pole: The Hot Truth About Climate Change by Marc ter Horst (Author), Wendy Panders (Illustrator), and Laura Watkinson (Translator) @ Amazon | Bookshop | IndieBound Booktalk: With facts about farting cows and cracking icebergs, tall windmills and fast electric cars, burly polar bears and cute\u2026","rel":"","context":"In &quot;STEM Friday Round-up&quot;","block_context":{"text":"STEM Friday Round-up","link":"https:\/\/asuen.com\/stemfriday\/category\/stem-friday-round-up\/"},"img":{"alt_text":"","src":"https:\/\/i0.wp.com\/asuen.com\/wp-content\/uploads\/2021\/04\/palmtreesatnorthpole-595x688.jpg?resize=350%2C200&ssl=1","width":350,"height":200,"srcset":"https:\/\/i0.wp.com\/asuen.com\/wp-content\/uploads\/2021\/04\/palmtreesatnorthpole-595x688.jpg?resize=350%2C200&ssl=1 1x, https:\/\/i0.wp.com\/asuen.com\/wp-content\/uploads\/2021\/04\/palmtreesatnorthpole-595x688.jpg?resize=525%2C300&ssl=1 1.5x"},"classes":[]},{"id":1463,"url":"https:\/\/asuen.com\/stemfriday\/listen-to-the-language-of-the-trees\/","url_meta":{"origin":1507,"position":3},"title":"Listen to the Language of the Trees","author":"Anastasia Suen","date":"April 7, 2023","format":false,"excerpt":"Listen to the Language of the Trees: A story of how forests communicate underground by Tera Kelley (Author) and Marie Hermansson (Illustrator) @ Amazon | Bookshop Booktalk: A new seedling has sprouted. Discover how the other trees in the forest help it survive. Snippet: It's STEM Friday! (STEM is Science,\u2026","rel":"","context":"In &quot;STEM Friday Round-up&quot;","block_context":{"text":"STEM Friday Round-up","link":"https:\/\/asuen.com\/stemfriday\/category\/stem-friday-round-up\/"},"img":{"alt_text":"","src":"https:\/\/i0.wp.com\/asuen.com\/wp-content\/uploads\/2023\/04\/listenlanguagetrees-960x1173.jpg?resize=350%2C200&ssl=1","width":350,"height":200,"srcset":"https:\/\/i0.wp.com\/asuen.com\/wp-content\/uploads\/2023\/04\/listenlanguagetrees-960x1173.jpg?resize=350%2C200&ssl=1 1x, https:\/\/i0.wp.com\/asuen.com\/wp-content\/uploads\/2023\/04\/listenlanguagetrees-960x1173.jpg?resize=525%2C300&ssl=1 1.5x"},"classes":[]},{"id":1525,"url":"https:\/\/asuen.com\/stemfriday\/rise-to-the-sky\/","url_meta":{"origin":1507,"position":4},"title":"Rise to the Sky","author":"Anastasia Suen","date":"September 15, 2023","format":false,"excerpt":"Rise to the Sky: How the World's Tallest Trees Grow Up by Rebecca E. Hirsch (Author) and Mia Posada (Illustrator) @ Amazon | Bookshop Booktalk: What is the tallest living thing? It\u2019s not an elephant, or a giraffe, or even a blue whale. It\u2019s a tree! But how do they\u2026","rel":"","context":"In &quot;STEM Friday Round-up&quot;","block_context":{"text":"STEM Friday Round-up","link":"https:\/\/asuen.com\/stemfriday\/category\/stem-friday-round-up\/"},"img":{"alt_text":"","src":"https:\/\/i0.wp.com\/asuen.com\/wp-content\/uploads\/2023\/09\/rise2skyfc.jpg?resize=350%2C200&ssl=1","width":350,"height":200},"classes":[]},{"id":1613,"url":"https:\/\/asuen.com\/stemfriday\/the-lost-forest-beneath-waves\/","url_meta":{"origin":1507,"position":5},"title":"The Lost Forest","author":"Anastasia Suen","date":"April 12, 2024","format":false,"excerpt":"The Lost Forest: An Unexpected Discovery beneath the Waves by Jennifer Swanson (Author) @ Amazon* | Bookshop* Booktalk: After local fishers noticed a large swarm of fish in an unlikely area in the Gulf of Mexico, a team of divers found the remains of a forest deep beneath the waves.\u2026","rel":"","context":"In &quot;STEM Friday Round-up&quot;","block_context":{"text":"STEM Friday Round-up","link":"https:\/\/asuen.com\/stemfriday\/category\/stem-friday-round-up\/"},"img":{"alt_text":"","src":"https:\/\/i0.wp.com\/asuen.com\/wp-content\/uploads\/2024\/04\/lostforestfc.jpg?resize=350%2C200&ssl=1","width":350,"height":200,"srcset":"https:\/\/i0.wp.com\/asuen.com\/wp-content\/uploads\/2024\/04\/lostforestfc.jpg?resize=350%2C200&ssl=1 1x, https:\/\/i0.wp.com\/asuen.com\/wp-content\/uploads\/2024\/04\/lostforestfc.jpg?resize=525%2C300&ssl=1 1.5x"},"classes":[]}],"_links":{"self":[{"href":"https:\/\/asuen.com\/stemfriday\/wp-json\/wp\/v2\/posts\/1507","targetHints":{"allow":["GET"]}}],"collection":[{"href":"https:\/\/asuen.com\/stemfriday\/wp-json\/wp\/v2\/posts"}],"about":[{"href":"https:\/\/asuen.com\/stemfriday\/wp-json\/wp\/v2\/types\/post"}],"author":[{"embeddable":true,"href":"https:\/\/asuen.com\/stemfriday\/wp-json\/wp\/v2\/users\/1"}],"replies":[{"embeddable":true,"href":"https:\/\/asuen.com\/stemfriday\/wp-json\/wp\/v2\/comments?post=1507"}],"version-history":[{"count":2,"href":"https:\/\/asuen.com\/stemfriday\/wp-json\/wp\/v2\/posts\/1507\/revisions"}],"predecessor-version":[{"id":1509,"href":"https:\/\/asuen.com\/stemfriday\/wp-json\/wp\/v2\/posts\/1507\/revisions\/1509"}],"wp:attachment":[{"href":"https:\/\/asuen.com\/stemfriday\/wp-json\/wp\/v2\/media?parent=1507"}],"wp:term":[{"taxonomy":"category","embeddable":true,"href":"https:\/\/asuen.com\/stemfriday\/wp-json\/wp\/v2\/categories?post=1507"},{"taxonomy":"post_tag","embeddable":true,"href":"https:\/\/asuen.com\/stemfriday\/wp-json\/wp\/v2\/tags?post=1507"}],"curies":[{"name":"wp","href":"https:\/\/api.w.org\/{rel}","templated":true}]}}